{"id":13826,"date":"2021-09-08T09:22:00","date_gmt":"2021-09-08T07:22:00","guid":{"rendered":"https:\/\/angeldelaguardabcn.com\/angel-de-la-guarda-presents-its-handbag-collection\/"},"modified":"2022-11-08T13:03:18","modified_gmt":"2022-11-08T12:03:18","slug":"angel-de-la-guarda-presents-its-handbag-collection","status":"publish","type":"post","link":"https:\/\/angeldelaguardabcn.com\/en\/angel-de-la-guarda-presents-its-handbag-collection\/","title":{"rendered":"\u00c1ngel de la Guarda presents its Handbag Collection"},"content":{"rendered":"\n<p>You&#8217;ve been asking for it&#8230; we want GUARDIAN ANGEL bags. Said and done&#8230;. We present the ALEGR\u00cdA COLLECTION of bags&#8230; With the SUN and COLOUR as the absolute protagonists of our Essence. But also, with FLECOS&#8230;many FLECOS.<\/p>\n","protected":false},"excerpt":{"rendered":"<p>You&#8217;ve been asking for it&#8230; we want GUARDIAN ANGEL bags. Said and done&#8230;. We present the ALEGR\u00cdA COLLECTION of bags&#8230; With the SUN and COLOUR as the absolute protagonists of our Essence. But also, with FLECOS&#8230;many FLECOS.<\/p>\n","protected":false},"author":2,"featured_media":11408,"comment_status":"closed","ping_status":"open","sticky":false,"template":"","format":"standard","meta":{"_et_pb_use_builder":"off","_et_pb_old_content":"","_et_gb_content_width":"","footnotes":""},"categories":[861],"tags":[1143,1065,1083,1066,1148,1150,1174,1113,1146,1068,1145,1073,1147,1142,1125,1074,1075,1082,1086,1126,1081,1175,1173,1149,1077,1119,1120,1080,1088,1078,1084,1134,1070,1131,1151,1152,1090,1141,1132,1123,1116,1157,1144],"class_list":["post-13826","post","type-post","status-publish","format-standard","has-post-thumbnail","hentry","category-news","tag-adlg-en","tag-angel-de-la-guarda-en","tag-ante-en","tag-artesanas-en","tag-artesania-en","tag-articulo-en","tag-bags-en","tag-barcelona-en","tag-bolsos-en","tag-bordado-en-2","tag-botas-en","tag-calidad-en","tag-cinturones-en","tag-coleccion-alegria-en","tag-comoda-en","tag-comodidad-en","tag-confort-en","tag-cuero-en","tag-cunas-en-2","tag-famosas-en","tag-fashion-en","tag-fashion-bags-en","tag-first-collection-of-bags","tag-hand-made-en","tag-lujo-en-2","tag-mar-en","tag-mediterraneo-en","tag-moda-en","tag-mules-en","tag-pie-en","tag-piel-en","tag-prensa-en-2","tag-rafia-en-2","tag-reportaje-en","tag-revista-en","tag-revista-de-moda-en","tag-sandalias-en","tag-sandalias-angel-de-la-guarda-en","tag-television-en","tag-vacaciones-en","tag-verano-en","tag-whos-next-en-2","tag-zuecos-en"],"yoast_head":"<!-- This site is optimized with the Yoast SEO plugin v24.7 - https:\/\/yoast.com\/wordpress\/plugins\/seo\/ -->\n<title>\u00c1ngel de la Guarda presents its Handbag Collection - Angel de la Guarda Sandalias<\/title>\n<meta name=\"description\" content=\"Introducing the ALEGR\u00cdA COLLECTION of handbags... SUN and COLOUR... our Essence. But also, with FLECOS... lots of FLECOS.\" \/>\n<meta name=\"robots\" content=\"index, follow, max-snippet:-1, max-image-preview:large, max-video-preview:-1\" \/>\n<link rel=\"canonical\" href=\"https:\/\/angeldelaguardabcn.com\/en\/angel-de-la-guarda-presents-its-handbag-collection\/\" \/>\n<meta property=\"og:locale\" content=\"en_US\" \/>\n<meta property=\"og:type\" content=\"article\" \/>\n<meta property=\"og:title\" content=\"\u00c1ngel de la Guarda presents its Handbag Collection - Angel de la Guarda Sandalias\" \/>\n<meta property=\"og:description\" content=\"Introducing the ALEGR\u00cdA COLLECTION of handbags... SUN and COLOUR... our Essence. But also, with FLECOS... lots of FLECOS.\" \/>\n<meta property=\"og:url\" content=\"https:\/\/angeldelaguardabcn.com\/en\/angel-de-la-guarda-presents-its-handbag-collection\/\" \/>\n<meta property=\"og:site_name\" content=\"Angel de la Guarda Sandalias\" \/>\n<meta property=\"article:published_time\" content=\"2021-09-08T07:22:00+00:00\" \/>\n<meta property=\"article:modified_time\" content=\"2022-11-08T12:03:18+00:00\" \/>\n<meta property=\"og:image\" content=\"https:\/\/angeldelaguardabcn.com\/wp-content\/uploads\/2022\/01\/Angel-de-la-Guarda-Whos-Next-56-scaled-e1667472543101.jpg\" \/>\n\t<meta property=\"og:image:width\" content=\"1920\" \/>\n\t<meta property=\"og:image:height\" content=\"2560\" \/>\n\t<meta property=\"og:image:type\" content=\"image\/jpeg\" \/>\n<meta name=\"author\" content=\"ANGEL DE LA GUARDA\" \/>\n<meta name=\"twitter:card\" content=\"summary_large_image\" \/>\n<meta name=\"twitter:label1\" content=\"Written by\" \/>\n\t<meta name=\"twitter:data1\" content=\"ANGEL DE LA GUARDA\" \/>\n<script type=\"application\/ld+json\" class=\"yoast-schema-graph\">{\"@context\":\"https:\/\/schema.org\",\"@graph\":[{\"@type\":\"Article\",\"@id\":\"https:\/\/angeldelaguardabcn.com\/en\/angel-de-la-guarda-presents-its-handbag-collection\/#article\",\"isPartOf\":{\"@id\":\"https:\/\/angeldelaguardabcn.com\/en\/angel-de-la-guarda-presents-its-handbag-collection\/\"},\"author\":{\"name\":\"ANGEL DE LA GUARDA\",\"@id\":\"https:\/\/angeldelaguardabcn.com\/#\/schema\/person\/f5b015ac1d50e259c3fbe3f911df7ab2\"},\"headline\":\"\u00c1ngel de la Guarda presents its Handbag Collection\",\"datePublished\":\"2021-09-08T07:22:00+00:00\",\"dateModified\":\"2022-11-08T12:03:18+00:00\",\"mainEntityOfPage\":{\"@id\":\"https:\/\/angeldelaguardabcn.com\/en\/angel-de-la-guarda-presents-its-handbag-collection\/\"},\"wordCount\":48,\"publisher\":{\"@id\":\"https:\/\/angeldelaguardabcn.com\/#organization\"},\"image\":{\"@id\":\"https:\/\/angeldelaguardabcn.com\/en\/angel-de-la-guarda-presents-its-handbag-collection\/#primaryimage\"},\"thumbnailUrl\":\"https:\/\/angeldelaguardabcn.com\/wp-content\/uploads\/2022\/01\/Angel-de-la-Guarda-Whos-Next-56-scaled-e1667472543101.jpg\",\"keywords\":[\"adlg\",\"angel de la guarda\",\"ante\",\"artesanas\",\"artesan\u00eda\",\"articulo\",\"bags\",\"barcelona\",\"bolsos\",\"bordado\",\"botas\",\"calidad\",\"cinturones\",\"colecci\u00f3n Alegr\u00eda\",\"c\u00f3moda\",\"comodidad\",\"confort\",\"cuero\",\"cu\u00f1as\",\"famosas\",\"fashion\",\"fashion bags.\",\"first collection of bags\",\"hand made\",\"lujo\",\"mar\",\"mediterr\u00e1neo\",\"moda\",\"mules\",\"pie\",\"piel\",\"prensa\",\"rafia\",\"reportaje\",\"revista\",\"revista de moda.\",\"sandalias\",\"sandalias \u00c1ngel de la Guarda\",\"televisi\u00f3n\",\"vacaciones\",\"verano\",\"whos next\",\"zuecos\"],\"articleSection\":[\"News\"],\"inLanguage\":\"en-US\"},{\"@type\":\"WebPage\",\"@id\":\"https:\/\/angeldelaguardabcn.com\/en\/angel-de-la-guarda-presents-its-handbag-collection\/\",\"url\":\"https:\/\/angeldelaguardabcn.com\/en\/angel-de-la-guarda-presents-its-handbag-collection\/\",\"name\":\"\u00c1ngel de la Guarda presents its Handbag Collection - Angel de la Guarda Sandalias\",\"isPartOf\":{\"@id\":\"https:\/\/angeldelaguardabcn.com\/#website\"},\"primaryImageOfPage\":{\"@id\":\"https:\/\/angeldelaguardabcn.com\/en\/angel-de-la-guarda-presents-its-handbag-collection\/#primaryimage\"},\"image\":{\"@id\":\"https:\/\/angeldelaguardabcn.com\/en\/angel-de-la-guarda-presents-its-handbag-collection\/#primaryimage\"},\"thumbnailUrl\":\"https:\/\/angeldelaguardabcn.com\/wp-content\/uploads\/2022\/01\/Angel-de-la-Guarda-Whos-Next-56-scaled-e1667472543101.jpg\",\"datePublished\":\"2021-09-08T07:22:00+00:00\",\"dateModified\":\"2022-11-08T12:03:18+00:00\",\"description\":\"Introducing the ALEGR\u00cdA COLLECTION of handbags... SUN and COLOUR... our Essence. But also, with FLECOS... lots of FLECOS.\",\"inLanguage\":\"en-US\",\"potentialAction\":[{\"@type\":\"ReadAction\",\"target\":[\"https:\/\/angeldelaguardabcn.com\/en\/angel-de-la-guarda-presents-its-handbag-collection\/\"]}]},{\"@type\":\"ImageObject\",\"inLanguage\":\"en-US\",\"@id\":\"https:\/\/angeldelaguardabcn.com\/en\/angel-de-la-guarda-presents-its-handbag-collection\/#primaryimage\",\"url\":\"https:\/\/angeldelaguardabcn.com\/wp-content\/uploads\/2022\/01\/Angel-de-la-Guarda-Whos-Next-56-scaled-e1667472543101.jpg\",\"contentUrl\":\"https:\/\/angeldelaguardabcn.com\/wp-content\/uploads\/2022\/01\/Angel-de-la-Guarda-Whos-Next-56-scaled-e1667472543101.jpg\",\"width\":600,\"height\":800},{\"@type\":\"WebSite\",\"@id\":\"https:\/\/angeldelaguardabcn.com\/#website\",\"url\":\"https:\/\/angeldelaguardabcn.com\/\",\"name\":\"Angel de la Guarda\",\"description\":\"Angel de la Guarda\",\"publisher\":{\"@id\":\"https:\/\/angeldelaguardabcn.com\/#organization\"},\"potentialAction\":[{\"@type\":\"SearchAction\",\"target\":{\"@type\":\"EntryPoint\",\"urlTemplate\":\"https:\/\/angeldelaguardabcn.com\/?s={search_term_string}\"},\"query-input\":{\"@type\":\"PropertyValueSpecification\",\"valueRequired\":true,\"valueName\":\"search_term_string\"}}],\"inLanguage\":\"en-US\"},{\"@type\":\"Organization\",\"@id\":\"https:\/\/angeldelaguardabcn.com\/#organization\",\"name\":\"Angel de la Guarda BCN\",\"url\":\"https:\/\/angeldelaguardabcn.com\/\",\"logo\":{\"@type\":\"ImageObject\",\"inLanguage\":\"en-US\",\"@id\":\"https:\/\/angeldelaguardabcn.com\/#\/schema\/logo\/image\/\",\"url\":\"https:\/\/angeldelaguardabcn.com\/wp-content\/uploads\/2019\/10\/angel_de_la_guarda_logo-horizontal.png\",\"contentUrl\":\"https:\/\/angeldelaguardabcn.com\/wp-content\/uploads\/2019\/10\/angel_de_la_guarda_logo-horizontal.png\",\"width\":283,\"height\":38,\"caption\":\"Angel de la Guarda BCN\"},\"image\":{\"@id\":\"https:\/\/angeldelaguardabcn.com\/#\/schema\/logo\/image\/\"},\"sameAs\":[\"https:\/\/www.instagram.com\/angeldelaguarda_shoes\/\"]},{\"@type\":\"Person\",\"@id\":\"https:\/\/angeldelaguardabcn.com\/#\/schema\/person\/f5b015ac1d50e259c3fbe3f911df7ab2\",\"name\":\"ANGEL DE LA GUARDA\",\"image\":{\"@type\":\"ImageObject\",\"inLanguage\":\"en-US\",\"@id\":\"https:\/\/angeldelaguardabcn.com\/#\/schema\/person\/image\/\",\"url\":\"https:\/\/secure.gravatar.com\/avatar\/725428fb4ec2fe4abd00045c42da1583?s=96&d=mm&r=g\",\"contentUrl\":\"https:\/\/secure.gravatar.com\/avatar\/725428fb4ec2fe4abd00045c42da1583?s=96&d=mm&r=g\",\"caption\":\"ANGEL DE LA GUARDA\"},\"sameAs\":[\"https:\/\/angeldelaguardabcn.com\/\"]}]}<\/script>\n<!-- \/ Yoast SEO plugin. -->","yoast_head_json":{"title":"\u00c1ngel de la Guarda presents its Handbag Collection - Angel de la Guarda Sandalias","description":"Introducing the ALEGR\u00cdA COLLECTION of handbags... SUN and COLOUR... our Essence. But also, with FLECOS... lots of FLECOS.","robots":{"index":"index","follow":"follow","max-snippet":"max-snippet:-1","max-image-preview":"max-image-preview:large","max-video-preview":"max-video-preview:-1"},"canonical":"https:\/\/angeldelaguardabcn.com\/en\/angel-de-la-guarda-presents-its-handbag-collection\/","og_locale":"en_US","og_type":"article","og_title":"\u00c1ngel de la Guarda presents its Handbag Collection - Angel de la Guarda Sandalias","og_description":"Introducing the ALEGR\u00cdA COLLECTION of handbags... SUN and COLOUR... our Essence. But also, with FLECOS... lots of FLECOS.","og_url":"https:\/\/angeldelaguardabcn.com\/en\/angel-de-la-guarda-presents-its-handbag-collection\/","og_site_name":"Angel de la Guarda Sandalias","article_published_time":"2021-09-08T07:22:00+00:00","article_modified_time":"2022-11-08T12:03:18+00:00","og_image":[{"width":1920,"height":2560,"url":"https:\/\/angeldelaguardabcn.com\/wp-content\/uploads\/2022\/01\/Angel-de-la-Guarda-Whos-Next-56-scaled-e1667472543101.jpg","type":"image\/jpeg"}],"author":"ANGEL DE LA GUARDA","twitter_card":"summary_large_image","twitter_misc":{"Written by":"ANGEL DE LA GUARDA"},"schema":{"@context":"https:\/\/schema.org","@graph":[{"@type":"Article","@id":"https:\/\/angeldelaguardabcn.com\/en\/angel-de-la-guarda-presents-its-handbag-collection\/#article","isPartOf":{"@id":"https:\/\/angeldelaguardabcn.com\/en\/angel-de-la-guarda-presents-its-handbag-collection\/"},"author":{"name":"ANGEL DE LA GUARDA","@id":"https:\/\/angeldelaguardabcn.com\/#\/schema\/person\/f5b015ac1d50e259c3fbe3f911df7ab2"},"headline":"\u00c1ngel de la Guarda presents its Handbag Collection","datePublished":"2021-09-08T07:22:00+00:00","dateModified":"2022-11-08T12:03:18+00:00","mainEntityOfPage":{"@id":"https:\/\/angeldelaguardabcn.com\/en\/angel-de-la-guarda-presents-its-handbag-collection\/"},"wordCount":48,"publisher":{"@id":"https:\/\/angeldelaguardabcn.com\/#organization"},"image":{"@id":"https:\/\/angeldelaguardabcn.com\/en\/angel-de-la-guarda-presents-its-handbag-collection\/#primaryimage"},"thumbnailUrl":"https:\/\/angeldelaguardabcn.com\/wp-content\/uploads\/2022\/01\/Angel-de-la-Guarda-Whos-Next-56-scaled-e1667472543101.jpg","keywords":["adlg","angel de la guarda","ante","artesanas","artesan\u00eda","articulo","bags","barcelona","bolsos","bordado","botas","calidad","cinturones","colecci\u00f3n Alegr\u00eda","c\u00f3moda","comodidad","confort","cuero","cu\u00f1as","famosas","fashion","fashion bags.","first collection of bags","hand made","lujo","mar","mediterr\u00e1neo","moda","mules","pie","piel","prensa","rafia","reportaje","revista","revista de moda.","sandalias","sandalias \u00c1ngel de la Guarda","televisi\u00f3n","vacaciones","verano","whos next","zuecos"],"articleSection":["News"],"inLanguage":"en-US"},{"@type":"WebPage","@id":"https:\/\/angeldelaguardabcn.com\/en\/angel-de-la-guarda-presents-its-handbag-collection\/","url":"https:\/\/angeldelaguardabcn.com\/en\/angel-de-la-guarda-presents-its-handbag-collection\/","name":"\u00c1ngel de la Guarda presents its Handbag Collection - Angel de la Guarda Sandalias","isPartOf":{"@id":"https:\/\/angeldelaguardabcn.com\/#website"},"primaryImageOfPage":{"@id":"https:\/\/angeldelaguardabcn.com\/en\/angel-de-la-guarda-presents-its-handbag-collection\/#primaryimage"},"image":{"@id":"https:\/\/angeldelaguardabcn.com\/en\/angel-de-la-guarda-presents-its-handbag-collection\/#primaryimage"},"thumbnailUrl":"https:\/\/angeldelaguardabcn.com\/wp-content\/uploads\/2022\/01\/Angel-de-la-Guarda-Whos-Next-56-scaled-e1667472543101.jpg","datePublished":"2021-09-08T07:22:00+00:00","dateModified":"2022-11-08T12:03:18+00:00","description":"Introducing the ALEGR\u00cdA COLLECTION of handbags... SUN and COLOUR... our Essence. But also, with FLECOS... lots of FLECOS.","inLanguage":"en-US","potentialAction":[{"@type":"ReadAction","target":["https:\/\/angeldelaguardabcn.com\/en\/angel-de-la-guarda-presents-its-handbag-collection\/"]}]},{"@type":"ImageObject","inLanguage":"en-US","@id":"https:\/\/angeldelaguardabcn.com\/en\/angel-de-la-guarda-presents-its-handbag-collection\/#primaryimage","url":"https:\/\/angeldelaguardabcn.com\/wp-content\/uploads\/2022\/01\/Angel-de-la-Guarda-Whos-Next-56-scaled-e1667472543101.jpg","contentUrl":"https:\/\/angeldelaguardabcn.com\/wp-content\/uploads\/2022\/01\/Angel-de-la-Guarda-Whos-Next-56-scaled-e1667472543101.jpg","width":600,"height":800},{"@type":"WebSite","@id":"https:\/\/angeldelaguardabcn.com\/#website","url":"https:\/\/angeldelaguardabcn.com\/","name":"Angel de la Guarda","description":"Angel de la Guarda","publisher":{"@id":"https:\/\/angeldelaguardabcn.com\/#organization"},"potentialAction":[{"@type":"SearchAction","target":{"@type":"EntryPoint","urlTemplate":"https:\/\/angeldelaguardabcn.com\/?s={search_term_string}"},"query-input":{"@type":"PropertyValueSpecification","valueRequired":true,"valueName":"search_term_string"}}],"inLanguage":"en-US"},{"@type":"Organization","@id":"https:\/\/angeldelaguardabcn.com\/#organization","name":"Angel de la Guarda BCN","url":"https:\/\/angeldelaguardabcn.com\/","logo":{"@type":"ImageObject","inLanguage":"en-US","@id":"https:\/\/angeldelaguardabcn.com\/#\/schema\/logo\/image\/","url":"https:\/\/angeldelaguardabcn.com\/wp-content\/uploads\/2019\/10\/angel_de_la_guarda_logo-horizontal.png","contentUrl":"https:\/\/angeldelaguardabcn.com\/wp-content\/uploads\/2019\/10\/angel_de_la_guarda_logo-horizontal.png","width":283,"height":38,"caption":"Angel de la Guarda BCN"},"image":{"@id":"https:\/\/angeldelaguardabcn.com\/#\/schema\/logo\/image\/"},"sameAs":["https:\/\/www.instagram.com\/angeldelaguarda_shoes\/"]},{"@type":"Person","@id":"https:\/\/angeldelaguardabcn.com\/#\/schema\/person\/f5b015ac1d50e259c3fbe3f911df7ab2","name":"ANGEL DE LA GUARDA","image":{"@type":"ImageObject","inLanguage":"en-US","@id":"https:\/\/angeldelaguardabcn.com\/#\/schema\/person\/image\/","url":"https:\/\/secure.gravatar.com\/avatar\/725428fb4ec2fe4abd00045c42da1583?s=96&d=mm&r=g","contentUrl":"https:\/\/secure.gravatar.com\/avatar\/725428fb4ec2fe4abd00045c42da1583?s=96&d=mm&r=g","caption":"ANGEL DE LA GUARDA"},"sameAs":["https:\/\/angeldelaguardabcn.com\/"]}]}},"_links":{"self":[{"href":"https:\/\/angeldelaguardabcn.com\/en\/wp-json\/wp\/v2\/posts\/13826","targetHints":{"allow":["GET"]}}],"collection":[{"href":"https:\/\/angeldelaguardabcn.com\/en\/wp-json\/wp\/v2\/posts"}],"about":[{"href":"https:\/\/angeldelaguardabcn.com\/en\/wp-json\/wp\/v2\/types\/post"}],"author":[{"embeddable":true,"href":"https:\/\/angeldelaguardabcn.com\/en\/wp-json\/wp\/v2\/users\/2"}],"replies":[{"embeddable":true,"href":"https:\/\/angeldelaguardabcn.com\/en\/wp-json\/wp\/v2\/comments?post=13826"}],"version-history":[{"count":1,"href":"https:\/\/angeldelaguardabcn.com\/en\/wp-json\/wp\/v2\/posts\/13826\/revisions"}],"predecessor-version":[{"id":13827,"href":"https:\/\/angeldelaguardabcn.com\/en\/wp-json\/wp\/v2\/posts\/13826\/revisions\/13827"}],"wp:featuredmedia":[{"embeddable":true,"href":"https:\/\/angeldelaguardabcn.com\/en\/wp-json\/wp\/v2\/media\/11408"}],"wp:attachment":[{"href":"https:\/\/angeldelaguardabcn.com\/en\/wp-json\/wp\/v2\/media?parent=13826"}],"wp:term":[{"taxonomy":"category","embeddable":true,"href":"https:\/\/angeldelaguardabcn.com\/en\/wp-json\/wp\/v2\/categories?post=13826"},{"taxonomy":"post_tag","embeddable":true,"href":"https:\/\/angeldelaguardabcn.com\/en\/wp-json\/wp\/v2\/tags?post=13826"}],"curies":[{"name":"wp","href":"https:\/\/api.w.org\/{rel}","templated":true}]}}