{"id":13821,"date":"2021-05-06T11:41:37","date_gmt":"2021-05-06T09:41:37","guid":{"rendered":"https:\/\/angeldelaguardabcn.com\/it-smells-like-summer-in-menorca\/"},"modified":"2022-11-08T12:56:08","modified_gmt":"2022-11-08T11:56:08","slug":"it-smells-like-summer-in-menorca","status":"publish","type":"post","link":"https:\/\/angeldelaguardabcn.com\/en\/it-smells-like-summer-in-menorca\/","title":{"rendered":"It smells like summer in Menorca&#8230;"},"content":{"rendered":"<p>[et_pb_section fb_built=&#8221;1&#8243; _builder_version=&#8221;3.29.3&#8243; custom_padding=&#8221;51px|0px||||&#8221; use_background_color_gradient_phone=&#8221;off&#8221; fb_built=&#8221;1&#8243; _i=&#8221;0&#8243; _address=&#8221;0&#8243;][et_pb_row _builder_version=&#8221;3.29.3&#8243; width=&#8221;78.3%&#8221; custom_margin=&#8221;-40px|auto||auto||&#8221; custom_padding=&#8221;|16px||||&#8221; _i=&#8221;0&#8243; _address=&#8221;0.0&#8243;][et_pb_column type=&#8221;4_4&#8243; _builder_version=&#8221;3.29.3&#8243; _i=&#8221;0&#8243; _address=&#8221;0.0.0&#8243;][et_pb_text _builder_version=&#8221;3.29.3&#8243; custom_margin=&#8221;-28px||||false|false&#8221; hover_enabled=&#8221;0&#8243; _i=&#8221;0&#8243; _address=&#8221;0.0.0.0&#8243;]<\/p>\n<p style=\"text-align: center;\">\n<p style=\"text-align: center;\">\n<p style=\"text-align: center;\">We want to be free<\/p>\n<p style=\"text-align: center;\">We are looking forward to warmth<\/p>\n<p style=\"text-align: center;\">We are looking forward to the sun<\/p>\n<p style=\"text-align: center;\">We are looking forward to the beach<\/p>\n<p style=\"text-align: center;\">We are looking forward to the sea<\/p>\n<p style=\"text-align: center;\">We are looking forward to our holidays<\/p>\n<p style=\"text-align: center;\">We are looking forward to being brown<\/p>\n<p style=\"text-align: center;\">We are looking forward to the beach club<\/p>\n<p style=\"text-align: center;\">We are in the mood for paella<\/p>\n<p style=\"text-align: center;\">We are looking forward to wearing summer clothes<\/p>\n<p style=\"text-align: center;\">We are looking forward to our holidays<\/p>\n<p style=\"text-align: center;\">We are looking forward to Menorca<\/p>\n<p style=\"text-align: center;\">We are looking forward to&#8230;<\/p>\n<p><span><\/span><\/p>\n<p>&nbsp;<\/p>\n<p>[\/et_pb_text][et_pb_image src=&#8221;https:\/\/angeldelaguardabcn.com\/wp-content\/uploads\/2021\/05\/menorca.jpg&#8221; _builder_version=&#8221;3.29.3&#8243; hover_enabled=&#8221;0&#8243; custom_padding=&#8221;|43px|0px|146px||&#8221; custom_margin=&#8221;|130px||||&#8221;][\/et_pb_image][et_pb_image src=&#8221;https:\/\/angeldelaguardabcn.com\/wp-content\/uploads\/2021\/05\/Binisafuller.png&#8221; _builder_version=&#8221;3.29.3&#8243; hover_enabled=&#8221;0&#8243; custom_margin=&#8221;|176px||1px||&#8221; custom_padding=&#8221;|||143px||&#8221; width=&#8221;71.2%&#8221;][\/et_pb_image][et_pb_image src=&#8221;https:\/\/angeldelaguardabcn.com\/wp-content\/uploads\/2021\/05\/Binibeca1.png&#8221; _builder_version=&#8221;3.29.3&#8243; hover_enabled=&#8221;0&#8243; custom_padding=&#8221;|178px||141px||&#8221; custom_margin=&#8221;|||-1px||&#8221;][\/et_pb_image][et_pb_image src=&#8221;https:\/\/angeldelaguardabcn.com\/wp-content\/uploads\/2021\/05\/es-calo-balnc.jpg&#8221; _builder_version=&#8221;3.29.3&#8243; hover_enabled=&#8221;0&#8243; custom_padding=&#8221;|||138px||&#8221; custom_margin=&#8221;|174px||||&#8221;][\/et_pb_image][et_pb_video _builder_version=&#8221;3.29.3&#8243; _i=&#8221;2&#8243; _address=&#8221;0.0.0.2&#8243;][\/et_pb_video][\/et_pb_column][\/et_pb_row][\/et_pb_section]<\/p>\n","protected":false},"excerpt":{"rendered":"<p>We want to be free We are looking forward to warmth We are looking forward to the sun We are looking forward to the beach We are looking forward to the sea We are looking forward to our holidays We are looking forward to being brown We are looking forward to the beach club We [&hellip;]<\/p>\n","protected":false},"author":2,"featured_media":11345,"comment_status":"closed","ping_status":"open","sticky":false,"template":"","format":"standard","meta":{"_et_pb_use_builder":"on","_et_pb_old_content":"","_et_gb_content_width":"","footnotes":""},"categories":[867],"tags":[1143,1065,1083,1066,1148,1150,1113,1146,1068,1145,1073,1147,1142,1125,1074,1075,1082,1086,1126,1081,1166,1149,1077,1119,1120,1104,1080,1088,1078,1084,1134,1070,1131,1151,1152,1090,1141,1165,1167,1132,1123,1116,1157,1144],"class_list":["post-13821","post","type-post","status-publish","format-standard","has-post-thumbnail","hentry","category-history","tag-adlg-en","tag-angel-de-la-guarda-en","tag-ante-en","tag-artesanas-en","tag-artesania-en","tag-articulo-en","tag-barcelona-en","tag-bolsos-en","tag-bordado-en-2","tag-botas-en","tag-calidad-en","tag-cinturones-en","tag-coleccion-alegria-en","tag-comoda-en","tag-comodidad-en","tag-confort-en","tag-cuero-en","tag-cunas-en-2","tag-famosas-en","tag-fashion-en","tag-fashion-in-menorca","tag-hand-made-en","tag-lujo-en-2","tag-mar-en","tag-mediterraneo-en","tag-menorca-en","tag-moda-en","tag-mules-en","tag-pie-en","tag-piel-en","tag-prensa-en-2","tag-rafia-en-2","tag-reportaje-en","tag-revista-en","tag-revista-de-moda-en","tag-sandalias-en","tag-sandalias-angel-de-la-guarda-en","tag-summer-in-menorca","tag-summering-in-menorca","tag-television-en","tag-vacaciones-en","tag-verano-en","tag-whos-next-en-2","tag-zuecos-en"],"yoast_head":"<!-- This site is optimized with the Yoast SEO plugin v24.7 - https:\/\/yoast.com\/wordpress\/plugins\/seo\/ -->\n<title>It smells like summer in Menorca... - Angel de la Guarda Sandalias<\/title>\n<meta name=\"description\" content=\"The Angel de la Guarda sandal brand spends its summers on the best beaches of the Mediterranean, in Menorca. Enjoying the best landscapes.\" \/>\n<meta name=\"robots\" content=\"index, follow, max-snippet:-1, max-image-preview:large, max-video-preview:-1\" \/>\n<link rel=\"canonical\" href=\"https:\/\/angeldelaguardabcn.com\/en\/it-smells-like-summer-in-menorca\/\" \/>\n<meta property=\"og:locale\" content=\"en_US\" \/>\n<meta property=\"og:type\" content=\"article\" \/>\n<meta property=\"og:title\" content=\"It smells like summer in Menorca... - Angel de la Guarda Sandalias\" \/>\n<meta property=\"og:description\" content=\"The Angel de la Guarda sandal brand spends its summers on the best beaches of the Mediterranean, in Menorca. Enjoying the best landscapes.\" \/>\n<meta property=\"og:url\" content=\"https:\/\/angeldelaguardabcn.com\/en\/it-smells-like-summer-in-menorca\/\" \/>\n<meta property=\"og:site_name\" content=\"Angel de la Guarda Sandalias\" \/>\n<meta property=\"article:published_time\" content=\"2021-05-06T09:41:37+00:00\" \/>\n<meta property=\"article:modified_time\" content=\"2022-11-08T11:56:08+00:00\" \/>\n<meta property=\"og:image\" content=\"https:\/\/angeldelaguardabcn.com\/wp-content\/uploads\/2021\/05\/Biniancolla.png\" \/>\n\t<meta property=\"og:image:width\" content=\"1078\" \/>\n\t<meta property=\"og:image:height\" content=\"567\" \/>\n\t<meta property=\"og:image:type\" content=\"image\/png\" \/>\n<meta name=\"author\" content=\"ANGEL DE LA GUARDA\" \/>\n<meta name=\"twitter:card\" content=\"summary_large_image\" \/>\n<meta name=\"twitter:label1\" content=\"Written by\" \/>\n\t<meta name=\"twitter:data1\" content=\"ANGEL DE LA GUARDA\" \/>\n\t<meta name=\"twitter:label2\" content=\"Est. reading time\" \/>\n\t<meta name=\"twitter:data2\" content=\"1 minute\" \/>\n<script type=\"application\/ld+json\" class=\"yoast-schema-graph\">{\"@context\":\"https:\/\/schema.org\",\"@graph\":[{\"@type\":\"Article\",\"@id\":\"https:\/\/angeldelaguardabcn.com\/en\/it-smells-like-summer-in-menorca\/#article\",\"isPartOf\":{\"@id\":\"https:\/\/angeldelaguardabcn.com\/en\/it-smells-like-summer-in-menorca\/\"},\"author\":{\"name\":\"ANGEL DE LA GUARDA\",\"@id\":\"https:\/\/angeldelaguardabcn.com\/#\/schema\/person\/f5b015ac1d50e259c3fbe3f911df7ab2\"},\"headline\":\"It smells like summer in Menorca&#8230;\",\"datePublished\":\"2021-05-06T09:41:37+00:00\",\"dateModified\":\"2022-11-08T11:56:08+00:00\",\"mainEntityOfPage\":{\"@id\":\"https:\/\/angeldelaguardabcn.com\/en\/it-smells-like-summer-in-menorca\/\"},\"wordCount\":279,\"publisher\":{\"@id\":\"https:\/\/angeldelaguardabcn.com\/#organization\"},\"image\":{\"@id\":\"https:\/\/angeldelaguardabcn.com\/en\/it-smells-like-summer-in-menorca\/#primaryimage\"},\"thumbnailUrl\":\"https:\/\/angeldelaguardabcn.com\/wp-content\/uploads\/2021\/05\/Biniancolla.png\",\"keywords\":[\"adlg\",\"angel de la guarda\",\"ante\",\"artesanas\",\"artesan\u00eda\",\"articulo\",\"barcelona\",\"bolsos\",\"bordado\",\"botas\",\"calidad\",\"cinturones\",\"colecci\u00f3n Alegr\u00eda\",\"c\u00f3moda\",\"comodidad\",\"confort\",\"cuero\",\"cu\u00f1as\",\"famosas\",\"fashion\",\"fashion in Menorca\",\"hand made\",\"lujo\",\"mar\",\"mediterr\u00e1neo\",\"menorca\",\"moda\",\"mules\",\"pie\",\"piel\",\"prensa\",\"rafia\",\"reportaje\",\"revista\",\"revista de moda.\",\"sandalias\",\"sandalias \u00c1ngel de la Guarda\",\"Summer in Menorca\",\"summering in Menorca\",\"televisi\u00f3n\",\"vacaciones\",\"verano\",\"whos next\",\"zuecos\"],\"articleSection\":[\"history\"],\"inLanguage\":\"en-US\"},{\"@type\":\"WebPage\",\"@id\":\"https:\/\/angeldelaguardabcn.com\/en\/it-smells-like-summer-in-menorca\/\",\"url\":\"https:\/\/angeldelaguardabcn.com\/en\/it-smells-like-summer-in-menorca\/\",\"name\":\"It smells like summer in Menorca... - Angel de la Guarda Sandalias\",\"isPartOf\":{\"@id\":\"https:\/\/angeldelaguardabcn.com\/#website\"},\"primaryImageOfPage\":{\"@id\":\"https:\/\/angeldelaguardabcn.com\/en\/it-smells-like-summer-in-menorca\/#primaryimage\"},\"image\":{\"@id\":\"https:\/\/angeldelaguardabcn.com\/en\/it-smells-like-summer-in-menorca\/#primaryimage\"},\"thumbnailUrl\":\"https:\/\/angeldelaguardabcn.com\/wp-content\/uploads\/2021\/05\/Biniancolla.png\",\"datePublished\":\"2021-05-06T09:41:37+00:00\",\"dateModified\":\"2022-11-08T11:56:08+00:00\",\"description\":\"The Angel de la Guarda sandal brand spends its summers on the best beaches of the Mediterranean, in Menorca. Enjoying the best landscapes.\",\"inLanguage\":\"en-US\",\"potentialAction\":[{\"@type\":\"ReadAction\",\"target\":[\"https:\/\/angeldelaguardabcn.com\/en\/it-smells-like-summer-in-menorca\/\"]}]},{\"@type\":\"ImageObject\",\"inLanguage\":\"en-US\",\"@id\":\"https:\/\/angeldelaguardabcn.com\/en\/it-smells-like-summer-in-menorca\/#primaryimage\",\"url\":\"https:\/\/angeldelaguardabcn.com\/wp-content\/uploads\/2021\/05\/Biniancolla.png\",\"contentUrl\":\"https:\/\/angeldelaguardabcn.com\/wp-content\/uploads\/2021\/05\/Biniancolla.png\",\"width\":1078,\"height\":567},{\"@type\":\"WebSite\",\"@id\":\"https:\/\/angeldelaguardabcn.com\/#website\",\"url\":\"https:\/\/angeldelaguardabcn.com\/\",\"name\":\"Angel de la Guarda\",\"description\":\"Angel de la Guarda\",\"publisher\":{\"@id\":\"https:\/\/angeldelaguardabcn.com\/#organization\"},\"potentialAction\":[{\"@type\":\"SearchAction\",\"target\":{\"@type\":\"EntryPoint\",\"urlTemplate\":\"https:\/\/angeldelaguardabcn.com\/?s={search_term_string}\"},\"query-input\":{\"@type\":\"PropertyValueSpecification\",\"valueRequired\":true,\"valueName\":\"search_term_string\"}}],\"inLanguage\":\"en-US\"},{\"@type\":\"Organization\",\"@id\":\"https:\/\/angeldelaguardabcn.com\/#organization\",\"name\":\"Angel de la Guarda BCN\",\"url\":\"https:\/\/angeldelaguardabcn.com\/\",\"logo\":{\"@type\":\"ImageObject\",\"inLanguage\":\"en-US\",\"@id\":\"https:\/\/angeldelaguardabcn.com\/#\/schema\/logo\/image\/\",\"url\":\"https:\/\/angeldelaguardabcn.com\/wp-content\/uploads\/2019\/10\/angel_de_la_guarda_logo-horizontal.png\",\"contentUrl\":\"https:\/\/angeldelaguardabcn.com\/wp-content\/uploads\/2019\/10\/angel_de_la_guarda_logo-horizontal.png\",\"width\":283,\"height\":38,\"caption\":\"Angel de la Guarda BCN\"},\"image\":{\"@id\":\"https:\/\/angeldelaguardabcn.com\/#\/schema\/logo\/image\/\"},\"sameAs\":[\"https:\/\/www.instagram.com\/angeldelaguarda_shoes\/\"]},{\"@type\":\"Person\",\"@id\":\"https:\/\/angeldelaguardabcn.com\/#\/schema\/person\/f5b015ac1d50e259c3fbe3f911df7ab2\",\"name\":\"ANGEL DE LA GUARDA\",\"image\":{\"@type\":\"ImageObject\",\"inLanguage\":\"en-US\",\"@id\":\"https:\/\/angeldelaguardabcn.com\/#\/schema\/person\/image\/\",\"url\":\"https:\/\/secure.gravatar.com\/avatar\/725428fb4ec2fe4abd00045c42da1583?s=96&d=mm&r=g\",\"contentUrl\":\"https:\/\/secure.gravatar.com\/avatar\/725428fb4ec2fe4abd00045c42da1583?s=96&d=mm&r=g\",\"caption\":\"ANGEL DE LA GUARDA\"},\"sameAs\":[\"https:\/\/angeldelaguardabcn.com\/\"]}]}<\/script>\n<!-- \/ Yoast SEO plugin. -->","yoast_head_json":{"title":"It smells like summer in Menorca... - Angel de la Guarda Sandalias","description":"The Angel de la Guarda sandal brand spends its summers on the best beaches of the Mediterranean, in Menorca. Enjoying the best landscapes.","robots":{"index":"index","follow":"follow","max-snippet":"max-snippet:-1","max-image-preview":"max-image-preview:large","max-video-preview":"max-video-preview:-1"},"canonical":"https:\/\/angeldelaguardabcn.com\/en\/it-smells-like-summer-in-menorca\/","og_locale":"en_US","og_type":"article","og_title":"It smells like summer in Menorca... - Angel de la Guarda Sandalias","og_description":"The Angel de la Guarda sandal brand spends its summers on the best beaches of the Mediterranean, in Menorca. Enjoying the best landscapes.","og_url":"https:\/\/angeldelaguardabcn.com\/en\/it-smells-like-summer-in-menorca\/","og_site_name":"Angel de la Guarda Sandalias","article_published_time":"2021-05-06T09:41:37+00:00","article_modified_time":"2022-11-08T11:56:08+00:00","og_image":[{"width":1078,"height":567,"url":"https:\/\/angeldelaguardabcn.com\/wp-content\/uploads\/2021\/05\/Biniancolla.png","type":"image\/png"}],"author":"ANGEL DE LA GUARDA","twitter_card":"summary_large_image","twitter_misc":{"Written by":"ANGEL DE LA GUARDA","Est. reading time":"1 minute"},"schema":{"@context":"https:\/\/schema.org","@graph":[{"@type":"Article","@id":"https:\/\/angeldelaguardabcn.com\/en\/it-smells-like-summer-in-menorca\/#article","isPartOf":{"@id":"https:\/\/angeldelaguardabcn.com\/en\/it-smells-like-summer-in-menorca\/"},"author":{"name":"ANGEL DE LA GUARDA","@id":"https:\/\/angeldelaguardabcn.com\/#\/schema\/person\/f5b015ac1d50e259c3fbe3f911df7ab2"},"headline":"It smells like summer in Menorca&#8230;","datePublished":"2021-05-06T09:41:37+00:00","dateModified":"2022-11-08T11:56:08+00:00","mainEntityOfPage":{"@id":"https:\/\/angeldelaguardabcn.com\/en\/it-smells-like-summer-in-menorca\/"},"wordCount":279,"publisher":{"@id":"https:\/\/angeldelaguardabcn.com\/#organization"},"image":{"@id":"https:\/\/angeldelaguardabcn.com\/en\/it-smells-like-summer-in-menorca\/#primaryimage"},"thumbnailUrl":"https:\/\/angeldelaguardabcn.com\/wp-content\/uploads\/2021\/05\/Biniancolla.png","keywords":["adlg","angel de la guarda","ante","artesanas","artesan\u00eda","articulo","barcelona","bolsos","bordado","botas","calidad","cinturones","colecci\u00f3n Alegr\u00eda","c\u00f3moda","comodidad","confort","cuero","cu\u00f1as","famosas","fashion","fashion in Menorca","hand made","lujo","mar","mediterr\u00e1neo","menorca","moda","mules","pie","piel","prensa","rafia","reportaje","revista","revista de moda.","sandalias","sandalias \u00c1ngel de la Guarda","Summer in Menorca","summering in Menorca","televisi\u00f3n","vacaciones","verano","whos next","zuecos"],"articleSection":["history"],"inLanguage":"en-US"},{"@type":"WebPage","@id":"https:\/\/angeldelaguardabcn.com\/en\/it-smells-like-summer-in-menorca\/","url":"https:\/\/angeldelaguardabcn.com\/en\/it-smells-like-summer-in-menorca\/","name":"It smells like summer in Menorca... - Angel de la Guarda Sandalias","isPartOf":{"@id":"https:\/\/angeldelaguardabcn.com\/#website"},"primaryImageOfPage":{"@id":"https:\/\/angeldelaguardabcn.com\/en\/it-smells-like-summer-in-menorca\/#primaryimage"},"image":{"@id":"https:\/\/angeldelaguardabcn.com\/en\/it-smells-like-summer-in-menorca\/#primaryimage"},"thumbnailUrl":"https:\/\/angeldelaguardabcn.com\/wp-content\/uploads\/2021\/05\/Biniancolla.png","datePublished":"2021-05-06T09:41:37+00:00","dateModified":"2022-11-08T11:56:08+00:00","description":"The Angel de la Guarda sandal brand spends its summers on the best beaches of the Mediterranean, in Menorca. Enjoying the best landscapes.","inLanguage":"en-US","potentialAction":[{"@type":"ReadAction","target":["https:\/\/angeldelaguardabcn.com\/en\/it-smells-like-summer-in-menorca\/"]}]},{"@type":"ImageObject","inLanguage":"en-US","@id":"https:\/\/angeldelaguardabcn.com\/en\/it-smells-like-summer-in-menorca\/#primaryimage","url":"https:\/\/angeldelaguardabcn.com\/wp-content\/uploads\/2021\/05\/Biniancolla.png","contentUrl":"https:\/\/angeldelaguardabcn.com\/wp-content\/uploads\/2021\/05\/Biniancolla.png","width":1078,"height":567},{"@type":"WebSite","@id":"https:\/\/angeldelaguardabcn.com\/#website","url":"https:\/\/angeldelaguardabcn.com\/","name":"Angel de la Guarda","description":"Angel de la Guarda","publisher":{"@id":"https:\/\/angeldelaguardabcn.com\/#organization"},"potentialAction":[{"@type":"SearchAction","target":{"@type":"EntryPoint","urlTemplate":"https:\/\/angeldelaguardabcn.com\/?s={search_term_string}"},"query-input":{"@type":"PropertyValueSpecification","valueRequired":true,"valueName":"search_term_string"}}],"inLanguage":"en-US"},{"@type":"Organization","@id":"https:\/\/angeldelaguardabcn.com\/#organization","name":"Angel de la Guarda BCN","url":"https:\/\/angeldelaguardabcn.com\/","logo":{"@type":"ImageObject","inLanguage":"en-US","@id":"https:\/\/angeldelaguardabcn.com\/#\/schema\/logo\/image\/","url":"https:\/\/angeldelaguardabcn.com\/wp-content\/uploads\/2019\/10\/angel_de_la_guarda_logo-horizontal.png","contentUrl":"https:\/\/angeldelaguardabcn.com\/wp-content\/uploads\/2019\/10\/angel_de_la_guarda_logo-horizontal.png","width":283,"height":38,"caption":"Angel de la Guarda BCN"},"image":{"@id":"https:\/\/angeldelaguardabcn.com\/#\/schema\/logo\/image\/"},"sameAs":["https:\/\/www.instagram.com\/angeldelaguarda_shoes\/"]},{"@type":"Person","@id":"https:\/\/angeldelaguardabcn.com\/#\/schema\/person\/f5b015ac1d50e259c3fbe3f911df7ab2","name":"ANGEL DE LA GUARDA","image":{"@type":"ImageObject","inLanguage":"en-US","@id":"https:\/\/angeldelaguardabcn.com\/#\/schema\/person\/image\/","url":"https:\/\/secure.gravatar.com\/avatar\/725428fb4ec2fe4abd00045c42da1583?s=96&d=mm&r=g","contentUrl":"https:\/\/secure.gravatar.com\/avatar\/725428fb4ec2fe4abd00045c42da1583?s=96&d=mm&r=g","caption":"ANGEL DE LA GUARDA"},"sameAs":["https:\/\/angeldelaguardabcn.com\/"]}]}},"_links":{"self":[{"href":"https:\/\/angeldelaguardabcn.com\/en\/wp-json\/wp\/v2\/posts\/13821","targetHints":{"allow":["GET"]}}],"collection":[{"href":"https:\/\/angeldelaguardabcn.com\/en\/wp-json\/wp\/v2\/posts"}],"about":[{"href":"https:\/\/angeldelaguardabcn.com\/en\/wp-json\/wp\/v2\/types\/post"}],"author":[{"embeddable":true,"href":"https:\/\/angeldelaguardabcn.com\/en\/wp-json\/wp\/v2\/users\/2"}],"replies":[{"embeddable":true,"href":"https:\/\/angeldelaguardabcn.com\/en\/wp-json\/wp\/v2\/comments?post=13821"}],"version-history":[{"count":2,"href":"https:\/\/angeldelaguardabcn.com\/en\/wp-json\/wp\/v2\/posts\/13821\/revisions"}],"predecessor-version":[{"id":13823,"href":"https:\/\/angeldelaguardabcn.com\/en\/wp-json\/wp\/v2\/posts\/13821\/revisions\/13823"}],"wp:featuredmedia":[{"embeddable":true,"href":"https:\/\/angeldelaguardabcn.com\/en\/wp-json\/wp\/v2\/media\/11345"}],"wp:attachment":[{"href":"https:\/\/angeldelaguardabcn.com\/en\/wp-json\/wp\/v2\/media?parent=13821"}],"wp:term":[{"taxonomy":"category","embeddable":true,"href":"https:\/\/angeldelaguardabcn.com\/en\/wp-json\/wp\/v2\/categories?post=13821"},{"taxonomy":"post_tag","embeddable":true,"href":"https:\/\/angeldelaguardabcn.com\/en\/wp-json\/wp\/v2\/tags?post=13821"}],"curies":[{"name":"wp","href":"https:\/\/api.w.org\/{rel}","templated":true}]}}