{"id":13810,"date":"2021-04-01T17:59:00","date_gmt":"2021-04-01T15:59:00","guid":{"rendered":"https:\/\/angeldelaguardabcn.com\/first-summer-shooting-2021\/"},"modified":"2022-11-08T12:12:38","modified_gmt":"2022-11-08T11:12:38","slug":"first-summer-shooting-2021","status":"publish","type":"post","link":"https:\/\/angeldelaguardabcn.com\/en\/first-summer-shooting-2021\/","title":{"rendered":"First summer shooting 2021!!"},"content":{"rendered":"<p>[et_pb_section fb_built=&#8221;1&#8243; _builder_version=&#8221;3.29.3&#8243; custom_padding=&#8221;51px|||||&#8221; use_background_color_gradient_phone=&#8221;off&#8221; fb_built=&#8221;1&#8243; _i=&#8221;0&#8243; _address=&#8221;0&#8243;][et_pb_row _builder_version=&#8221;3.29.3&#8243; custom_margin=&#8221;-40px|auto||auto||&#8221; _i=&#8221;0&#8243; _address=&#8221;0.0&#8243;][et_pb_column type=&#8221;4_4&#8243; _builder_version=&#8221;3.29.3&#8243; _i=&#8221;0&#8243; _address=&#8221;0.0.0&#8243;][et_pb_text _builder_version=&#8221;3.29.3&#8243; custom_margin=&#8221;-28px||||false|false&#8221; hover_enabled=&#8221;0&#8243; _i=&#8221;0&#8243; _address=&#8221;0.0.0.0&#8243;]<\/p>\n<p>\u00a1\u00a1\u00a1\u00a1\u00a1Hello \u00c1ngeles!!!!!<br \/> In January we carried out the first photo shoot for the campaign of<br \/> summer 2021.<br \/> This time we are inspired by a much more bohemian \/ chic style in the<br \/> mountains, leaving our beaches for a few moments, we headed towards the<br \/> Sant Mateo Equestrian Centre, where some SPECTACULAR photos were taken. Thanks<br \/> to the work of our supermodels; Sara, Anna and Marta.<br \/> We were very lucky that it was a sunny and warm day because it was the month of<br \/> January<br \/> I show you some of the photos of the making off.<\/p>\n<p>&nbsp;<\/p>\n<p>[\/et_pb_text][et_pb_gallery gallery_ids=&#8221;7321,7322,7323&#8243; show_title_and_caption=&#8221;off&#8221; show_pagination=&#8221;off&#8221; _builder_version=&#8221;3.29.3&#8243; custom_padding=&#8221;|0px||||&#8221; _i=&#8221;1&#8243; _address=&#8221;0.0.0.1&#8243;][\/et_pb_gallery][et_pb_video _builder_version=&#8221;3.29.3&#8243; _i=&#8221;2&#8243; _address=&#8221;0.0.0.2&#8243;][\/et_pb_video][\/et_pb_column][\/et_pb_row][\/et_pb_section]<\/p>\n","protected":false},"excerpt":{"rendered":"<p>\u00a1\u00a1\u00a1\u00a1\u00a1Hello \u00c1ngeles!!!!! In January we carried out the first photo shoot for the campaign of summer 2021. This time we are inspired by a much more bohemian \/ chic style in the mountains, leaving our beaches for a few moments, we headed towards the Sant Mateo Equestrian Centre, where some SPECTACULAR photos were taken. Thanks [&hellip;]<\/p>\n","protected":false},"author":2,"featured_media":0,"comment_status":"closed","ping_status":"open","sticky":false,"template":"","format":"standard","meta":{"_et_pb_use_builder":"on","_et_pb_old_content":"","_et_gb_content_width":"","footnotes":""},"categories":[862],"tags":[1043,1129,1064,1112,1063,1065,1058,1060,1083,1066,1113,1094,1068,1026,1046,1096,1097,1073,1122,1125,1074,1075,1049,1082,1086,1127,1059,1027,1053,1115,1031,1126,1081,1099,1124,1087,1100,1061,1032,1028,1045,1047,1029,1033,1130,1030,1102,1077,1119,1103,1048,1120,1079,1104,1080,1128,1088,1109,1041,1139,1105,1108,1078,1084,1052,1055,1134,1107,1070,1131,1136,1106,1042,1034,1054,1090,1091,1110,1072,1138,1137,1118,1114,1036,1132,1037,1062,1051,1038,1039,1123,1116,1044,1057,1093,1040],"class_list":["post-13810","post","type-post","status-publish","format-standard","hentry","category-shootings","tag-acosta-en","tag-actors","tag-adlginlove-en","tag-alella-en-2","tag-amarelo-en","tag-angel-de-la-guarda-en","tag-angels-house-marbella-en","tag-angels-ibiza-en","tag-ante-en","tag-artesanas-en","tag-barcelona-en","tag-begur-en","tag-bordado-en-2","tag-boutique-en","tag-boutique-zaranov-en","tag-cadaques-en-2","tag-calella-en","tag-calidad-en","tag-chiringuito-en-2","tag-comoda-en","tag-comodidad-en","tag-confort-en","tag-corners-sant-cugat-en","tag-cuero-en","tag-cunas-en-2","tag-de-moda-en","tag-divinity-palma-en","tag-ekseption-en","tag-elena-torrens-en","tag-emporda-en","tag-encanto-alicante-en","tag-famosas-en","tag-fashion-en","tag-formentera-en","tag-guapa-en","tag-handmade-en","tag-ibiza-en","tag-ibiza-das-en","tag-ibiza-mode-en","tag-il-baco-da-seta-en","tag-indian-chic-en","tag-ionela-moda-en","tag-jardin-of-mykonos-en","tag-la-plaza-saint-tropez-en","tag-la-vanguardia-en","tag-le-cabine-en","tag-llafranc-en","tag-lujo-en-2","tag-mar-en","tag-marbella-en","tag-market-bohoshop-en","tag-mediterraneo-en","tag-mejor-en","tag-menorca-en","tag-moda-en","tag-modelos-en","tag-mules-en","tag-mykonos-en","tag-noah-judy-en","tag-noemi-galera-en","tag-nueva-york-en","tag-paros-en","tag-pie-en","tag-piel-en","tag-pimienta-rosa-en","tag-pinto-puerto-banus-en","tag-prensa-en-2","tag-puerto-banus-en","tag-rafia-en-2","tag-reportaje-en","tag-revistas-de-moda-en-2","tag-saint-tropez-en","tag-salam-store-en","tag-salama-by-silvia-en","tag-salem-en","tag-sandalias-en","tag-sandra-en-los-girasoles-en","tag-santorini-en","tag-seda-en-2","tag-shakira-en","tag-sofia-ellar-en","tag-sol-en-2","tag-tamariu-en","tag-tanganika-en","tag-television-en","tag-teresa-tello-en","tag-terra-de-llum-en","tag-tomates-fritos-en","tag-tretze-en","tag-tuit-en","tag-vacaciones-en","tag-verano-en","tag-xelfy-en","tag-yere-en-2","tag-yute-en","tag-zenia-boutique-en"],"yoast_head":"<!-- This site is optimized with the Yoast SEO plugin v24.7 - https:\/\/yoast.com\/wordpress\/plugins\/seo\/ -->\n<title>First summer shooting 2021!! - Angel de la Guarda Sandalias<\/title>\n<meta name=\"description\" content=\"\u00c1ngel de la guarda does the first shooting for the sandals collection of the expected summer 2021 in the equestrian centre of Sant Mateo.\" \/>\n<meta name=\"robots\" content=\"index, follow, max-snippet:-1, max-image-preview:large, max-video-preview:-1\" \/>\n<link rel=\"canonical\" href=\"https:\/\/angeldelaguardabcn.com\/en\/first-summer-shooting-2021\/\" \/>\n<meta property=\"og:locale\" content=\"en_US\" \/>\n<meta property=\"og:type\" content=\"article\" \/>\n<meta property=\"og:title\" content=\"First summer shooting 2021!! - Angel de la Guarda Sandalias\" \/>\n<meta property=\"og:description\" content=\"\u00c1ngel de la guarda does the first shooting for the sandals collection of the expected summer 2021 in the equestrian centre of Sant Mateo.\" \/>\n<meta property=\"og:url\" content=\"https:\/\/angeldelaguardabcn.com\/en\/first-summer-shooting-2021\/\" \/>\n<meta property=\"og:site_name\" content=\"Angel de la Guarda Sandalias\" \/>\n<meta property=\"article:published_time\" content=\"2021-04-01T15:59:00+00:00\" \/>\n<meta property=\"article:modified_time\" content=\"2022-11-08T11:12:38+00:00\" \/>\n<meta name=\"author\" content=\"ANGEL DE LA GUARDA\" \/>\n<meta name=\"twitter:card\" content=\"summary_large_image\" \/>\n<meta name=\"twitter:label1\" content=\"Written by\" \/>\n\t<meta name=\"twitter:data1\" content=\"ANGEL DE LA GUARDA\" \/>\n\t<meta name=\"twitter:label2\" content=\"Est. reading time\" \/>\n\t<meta name=\"twitter:data2\" content=\"1 minute\" \/>\n<script type=\"application\/ld+json\" class=\"yoast-schema-graph\">{\"@context\":\"https:\/\/schema.org\",\"@graph\":[{\"@type\":\"Article\",\"@id\":\"https:\/\/angeldelaguardabcn.com\/en\/first-summer-shooting-2021\/#article\",\"isPartOf\":{\"@id\":\"https:\/\/angeldelaguardabcn.com\/en\/first-summer-shooting-2021\/\"},\"author\":{\"name\":\"ANGEL DE LA GUARDA\",\"@id\":\"https:\/\/angeldelaguardabcn.com\/#\/schema\/person\/f5b015ac1d50e259c3fbe3f911df7ab2\"},\"headline\":\"First summer shooting 2021!!\",\"datePublished\":\"2021-04-01T15:59:00+00:00\",\"dateModified\":\"2022-11-08T11:12:38+00:00\",\"mainEntityOfPage\":{\"@id\":\"https:\/\/angeldelaguardabcn.com\/en\/first-summer-shooting-2021\/\"},\"wordCount\":198,\"publisher\":{\"@id\":\"https:\/\/angeldelaguardabcn.com\/#organization\"},\"keywords\":[\"acosta\",\"actors\",\"adlginlove\",\"alella\",\"amarelo\",\"angel de la guarda\",\"angels house marbella\",\"angels ibiza\",\"ante\",\"artesanas\",\"barcelona\",\"begur\",\"bordado\",\"boutique\",\"boutique zaranov\",\"cadaqu\u00e9s\",\"calella\",\"calidad\",\"chiringuito\",\"c\u00f3moda\",\"comodidad\",\"confort\",\"corners sant cugat\",\"cuero\",\"cu\u00f1as\",\"de moda\",\"divinity palma\",\"ekseption\",\"elena torrens\",\"emporda\",\"encanto alicante\",\"famosas\",\"fashion\",\"formentera\",\"guapa\",\"handmade\",\"ibiza\",\"ibiza das\",\"ibiza mode\",\"il baco da seta\",\"indian chic\",\"ionela moda\",\"jardin of mykonos\",\"la plaza saint tr\u00f4pez\",\"la vanguardia\",\"le cabine\",\"llafranc\",\"lujo\",\"mar\",\"marbella\",\"market bohoshop\",\"mediterr\u00e1neo\",\"mejor\",\"menorca\",\"moda\",\"modelos\",\"mules\",\"mykonos\",\"noah &amp; judy\",\"noem\u00ed galera\",\"nueva york\",\"paros\",\"pie\",\"piel\",\"pimienta rosa\",\"pinto puerto ban\u00fas\",\"prensa\",\"puerto ban\u00fas\",\"rafia\",\"reportaje\",\"revistas de moda\",\"saint tr\u00f4pez\",\"salam store\",\"salama by silvia\",\"salem\",\"sandalias\",\"sandra en los girasoles\",\"santorini\",\"seda\",\"shakira\",\"sofia ellar\",\"sol\",\"tamariu\",\"tanganika\",\"televisi\u00f3n\",\"teresa tello\",\"terra de llum\",\"tomates fritos\",\"tretze\",\"tuit\",\"vacaciones\",\"verano\",\"xelfy\",\"yere\",\"yute\",\"zenia boutique\"],\"articleSection\":[\"Shootings\"],\"inLanguage\":\"en-US\"},{\"@type\":\"WebPage\",\"@id\":\"https:\/\/angeldelaguardabcn.com\/en\/first-summer-shooting-2021\/\",\"url\":\"https:\/\/angeldelaguardabcn.com\/en\/first-summer-shooting-2021\/\",\"name\":\"First summer shooting 2021!! - Angel de la Guarda Sandalias\",\"isPartOf\":{\"@id\":\"https:\/\/angeldelaguardabcn.com\/#website\"},\"datePublished\":\"2021-04-01T15:59:00+00:00\",\"dateModified\":\"2022-11-08T11:12:38+00:00\",\"description\":\"\u00c1ngel de la guarda does the first shooting for the sandals collection of the expected summer 2021 in the equestrian centre of Sant Mateo.\",\"inLanguage\":\"en-US\",\"potentialAction\":[{\"@type\":\"ReadAction\",\"target\":[\"https:\/\/angeldelaguardabcn.com\/en\/first-summer-shooting-2021\/\"]}]},{\"@type\":\"WebSite\",\"@id\":\"https:\/\/angeldelaguardabcn.com\/#website\",\"url\":\"https:\/\/angeldelaguardabcn.com\/\",\"name\":\"Angel de la Guarda\",\"description\":\"Angel de la Guarda\",\"publisher\":{\"@id\":\"https:\/\/angeldelaguardabcn.com\/#organization\"},\"potentialAction\":[{\"@type\":\"SearchAction\",\"target\":{\"@type\":\"EntryPoint\",\"urlTemplate\":\"https:\/\/angeldelaguardabcn.com\/?s={search_term_string}\"},\"query-input\":{\"@type\":\"PropertyValueSpecification\",\"valueRequired\":true,\"valueName\":\"search_term_string\"}}],\"inLanguage\":\"en-US\"},{\"@type\":\"Organization\",\"@id\":\"https:\/\/angeldelaguardabcn.com\/#organization\",\"name\":\"Angel de la Guarda BCN\",\"url\":\"https:\/\/angeldelaguardabcn.com\/\",\"logo\":{\"@type\":\"ImageObject\",\"inLanguage\":\"en-US\",\"@id\":\"https:\/\/angeldelaguardabcn.com\/#\/schema\/logo\/image\/\",\"url\":\"https:\/\/angeldelaguardabcn.com\/wp-content\/uploads\/2019\/10\/angel_de_la_guarda_logo-horizontal.png\",\"contentUrl\":\"https:\/\/angeldelaguardabcn.com\/wp-content\/uploads\/2019\/10\/angel_de_la_guarda_logo-horizontal.png\",\"width\":283,\"height\":38,\"caption\":\"Angel de la Guarda BCN\"},\"image\":{\"@id\":\"https:\/\/angeldelaguardabcn.com\/#\/schema\/logo\/image\/\"},\"sameAs\":[\"https:\/\/www.instagram.com\/angeldelaguarda_shoes\/\"]},{\"@type\":\"Person\",\"@id\":\"https:\/\/angeldelaguardabcn.com\/#\/schema\/person\/f5b015ac1d50e259c3fbe3f911df7ab2\",\"name\":\"ANGEL DE LA GUARDA\",\"image\":{\"@type\":\"ImageObject\",\"inLanguage\":\"en-US\",\"@id\":\"https:\/\/angeldelaguardabcn.com\/#\/schema\/person\/image\/\",\"url\":\"https:\/\/secure.gravatar.com\/avatar\/725428fb4ec2fe4abd00045c42da1583?s=96&d=mm&r=g\",\"contentUrl\":\"https:\/\/secure.gravatar.com\/avatar\/725428fb4ec2fe4abd00045c42da1583?s=96&d=mm&r=g\",\"caption\":\"ANGEL DE LA GUARDA\"},\"sameAs\":[\"https:\/\/angeldelaguardabcn.com\/\"]}]}<\/script>\n<!-- \/ Yoast SEO plugin. -->","yoast_head_json":{"title":"First summer shooting 2021!! - Angel de la Guarda Sandalias","description":"\u00c1ngel de la guarda does the first shooting for the sandals collection of the expected summer 2021 in the equestrian centre of Sant Mateo.","robots":{"index":"index","follow":"follow","max-snippet":"max-snippet:-1","max-image-preview":"max-image-preview:large","max-video-preview":"max-video-preview:-1"},"canonical":"https:\/\/angeldelaguardabcn.com\/en\/first-summer-shooting-2021\/","og_locale":"en_US","og_type":"article","og_title":"First summer shooting 2021!! - Angel de la Guarda Sandalias","og_description":"\u00c1ngel de la guarda does the first shooting for the sandals collection of the expected summer 2021 in the equestrian centre of Sant Mateo.","og_url":"https:\/\/angeldelaguardabcn.com\/en\/first-summer-shooting-2021\/","og_site_name":"Angel de la Guarda Sandalias","article_published_time":"2021-04-01T15:59:00+00:00","article_modified_time":"2022-11-08T11:12:38+00:00","author":"ANGEL DE LA GUARDA","twitter_card":"summary_large_image","twitter_misc":{"Written by":"ANGEL DE LA GUARDA","Est. reading time":"1 minute"},"schema":{"@context":"https:\/\/schema.org","@graph":[{"@type":"Article","@id":"https:\/\/angeldelaguardabcn.com\/en\/first-summer-shooting-2021\/#article","isPartOf":{"@id":"https:\/\/angeldelaguardabcn.com\/en\/first-summer-shooting-2021\/"},"author":{"name":"ANGEL DE LA GUARDA","@id":"https:\/\/angeldelaguardabcn.com\/#\/schema\/person\/f5b015ac1d50e259c3fbe3f911df7ab2"},"headline":"First summer shooting 2021!!","datePublished":"2021-04-01T15:59:00+00:00","dateModified":"2022-11-08T11:12:38+00:00","mainEntityOfPage":{"@id":"https:\/\/angeldelaguardabcn.com\/en\/first-summer-shooting-2021\/"},"wordCount":198,"publisher":{"@id":"https:\/\/angeldelaguardabcn.com\/#organization"},"keywords":["acosta","actors","adlginlove","alella","amarelo","angel de la guarda","angels house marbella","angels ibiza","ante","artesanas","barcelona","begur","bordado","boutique","boutique zaranov","cadaqu\u00e9s","calella","calidad","chiringuito","c\u00f3moda","comodidad","confort","corners sant cugat","cuero","cu\u00f1as","de moda","divinity palma","ekseption","elena torrens","emporda","encanto alicante","famosas","fashion","formentera","guapa","handmade","ibiza","ibiza das","ibiza mode","il baco da seta","indian chic","ionela moda","jardin of mykonos","la plaza saint tr\u00f4pez","la vanguardia","le cabine","llafranc","lujo","mar","marbella","market bohoshop","mediterr\u00e1neo","mejor","menorca","moda","modelos","mules","mykonos","noah &amp; judy","noem\u00ed galera","nueva york","paros","pie","piel","pimienta rosa","pinto puerto ban\u00fas","prensa","puerto ban\u00fas","rafia","reportaje","revistas de moda","saint tr\u00f4pez","salam store","salama by silvia","salem","sandalias","sandra en los girasoles","santorini","seda","shakira","sofia ellar","sol","tamariu","tanganika","televisi\u00f3n","teresa tello","terra de llum","tomates fritos","tretze","tuit","vacaciones","verano","xelfy","yere","yute","zenia boutique"],"articleSection":["Shootings"],"inLanguage":"en-US"},{"@type":"WebPage","@id":"https:\/\/angeldelaguardabcn.com\/en\/first-summer-shooting-2021\/","url":"https:\/\/angeldelaguardabcn.com\/en\/first-summer-shooting-2021\/","name":"First summer shooting 2021!! - Angel de la Guarda Sandalias","isPartOf":{"@id":"https:\/\/angeldelaguardabcn.com\/#website"},"datePublished":"2021-04-01T15:59:00+00:00","dateModified":"2022-11-08T11:12:38+00:00","description":"\u00c1ngel de la guarda does the first shooting for the sandals collection of the expected summer 2021 in the equestrian centre of Sant Mateo.","inLanguage":"en-US","potentialAction":[{"@type":"ReadAction","target":["https:\/\/angeldelaguardabcn.com\/en\/first-summer-shooting-2021\/"]}]},{"@type":"WebSite","@id":"https:\/\/angeldelaguardabcn.com\/#website","url":"https:\/\/angeldelaguardabcn.com\/","name":"Angel de la Guarda","description":"Angel de la Guarda","publisher":{"@id":"https:\/\/angeldelaguardabcn.com\/#organization"},"potentialAction":[{"@type":"SearchAction","target":{"@type":"EntryPoint","urlTemplate":"https:\/\/angeldelaguardabcn.com\/?s={search_term_string}"},"query-input":{"@type":"PropertyValueSpecification","valueRequired":true,"valueName":"search_term_string"}}],"inLanguage":"en-US"},{"@type":"Organization","@id":"https:\/\/angeldelaguardabcn.com\/#organization","name":"Angel de la Guarda BCN","url":"https:\/\/angeldelaguardabcn.com\/","logo":{"@type":"ImageObject","inLanguage":"en-US","@id":"https:\/\/angeldelaguardabcn.com\/#\/schema\/logo\/image\/","url":"https:\/\/angeldelaguardabcn.com\/wp-content\/uploads\/2019\/10\/angel_de_la_guarda_logo-horizontal.png","contentUrl":"https:\/\/angeldelaguardabcn.com\/wp-content\/uploads\/2019\/10\/angel_de_la_guarda_logo-horizontal.png","width":283,"height":38,"caption":"Angel de la Guarda BCN"},"image":{"@id":"https:\/\/angeldelaguardabcn.com\/#\/schema\/logo\/image\/"},"sameAs":["https:\/\/www.instagram.com\/angeldelaguarda_shoes\/"]},{"@type":"Person","@id":"https:\/\/angeldelaguardabcn.com\/#\/schema\/person\/f5b015ac1d50e259c3fbe3f911df7ab2","name":"ANGEL DE LA GUARDA","image":{"@type":"ImageObject","inLanguage":"en-US","@id":"https:\/\/angeldelaguardabcn.com\/#\/schema\/person\/image\/","url":"https:\/\/secure.gravatar.com\/avatar\/725428fb4ec2fe4abd00045c42da1583?s=96&d=mm&r=g","contentUrl":"https:\/\/secure.gravatar.com\/avatar\/725428fb4ec2fe4abd00045c42da1583?s=96&d=mm&r=g","caption":"ANGEL DE LA GUARDA"},"sameAs":["https:\/\/angeldelaguardabcn.com\/"]}]}},"_links":{"self":[{"href":"https:\/\/angeldelaguardabcn.com\/en\/wp-json\/wp\/v2\/posts\/13810","targetHints":{"allow":["GET"]}}],"collection":[{"href":"https:\/\/angeldelaguardabcn.com\/en\/wp-json\/wp\/v2\/posts"}],"about":[{"href":"https:\/\/angeldelaguardabcn.com\/en\/wp-json\/wp\/v2\/types\/post"}],"author":[{"embeddable":true,"href":"https:\/\/angeldelaguardabcn.com\/en\/wp-json\/wp\/v2\/users\/2"}],"replies":[{"embeddable":true,"href":"https:\/\/angeldelaguardabcn.com\/en\/wp-json\/wp\/v2\/comments?post=13810"}],"version-history":[{"count":4,"href":"https:\/\/angeldelaguardabcn.com\/en\/wp-json\/wp\/v2\/posts\/13810\/revisions"}],"predecessor-version":[{"id":13814,"href":"https:\/\/angeldelaguardabcn.com\/en\/wp-json\/wp\/v2\/posts\/13810\/revisions\/13814"}],"wp:attachment":[{"href":"https:\/\/angeldelaguardabcn.com\/en\/wp-json\/wp\/v2\/media?parent=13810"}],"wp:term":[{"taxonomy":"category","embeddable":true,"href":"https:\/\/angeldelaguardabcn.com\/en\/wp-json\/wp\/v2\/categories?post=13810"},{"taxonomy":"post_tag","embeddable":true,"href":"https:\/\/angeldelaguardabcn.com\/en\/wp-json\/wp\/v2\/tags?post=13810"}],"curies":[{"name":"wp","href":"https:\/\/api.w.org\/{rel}","templated":true}]}}