{"id":12198,"date":"2019-01-17T20:27:28","date_gmt":"2019-01-17T19:27:28","guid":{"rendered":"https:\/\/angeldelaguardabcn.com\/spectacular-interview-in-la-voz-libre\/"},"modified":"2022-07-04T23:42:57","modified_gmt":"2022-07-04T21:42:57","slug":"spectacular-interview-in-la-voz-libre","status":"publish","type":"post","link":"https:\/\/angeldelaguardabcn.com\/en\/spectacular-interview-in-la-voz-libre\/","title":{"rendered":"Spectacular interview in La Voz Libre"},"content":{"rendered":"<p>[et_pb_section fb_built=&#8221;1&#8243; _builder_version=&#8221;3.29.3&#8243; use_background_color_gradient_phone=&#8221;off&#8221; global_colors_info=&#8221;{}&#8221;][et_pb_row _builder_version=&#8221;3.29.3&#8243; custom_margin=&#8221;-40px|auto||auto||&#8221; global_colors_info=&#8221;{}&#8221;][et_pb_column type=&#8221;4_4&#8243; _builder_version=&#8221;3.29.3&#8243; global_colors_info=&#8221;{}&#8221;][et_pb_gallery gallery_ids=&#8221;6165,6164&#8243; show_title_and_caption=&#8221;off&#8221; show_pagination=&#8221;off&#8221; _builder_version=&#8221;3.29.3&#8243; global_colors_info=&#8221;{}&#8221;][\/et_pb_gallery][\/et_pb_column][\/et_pb_row][\/et_pb_section][et_pb_section fb_built=&#8221;1&#8243; _builder_version=&#8221;3.29.3&#8243; use_background_color_gradient_phone=&#8221;off&#8221; global_colors_info=&#8221;{}&#8221;][et_pb_row _builder_version=&#8221;3.29.3&#8243; custom_margin=&#8221;-40px|auto||auto||&#8221; global_colors_info=&#8221;{}&#8221;][et_pb_column type=&#8221;4_4&#8243; _builder_version=&#8221;3.29.3&#8243; global_colors_info=&#8221;{}&#8221;][et_pb_text _builder_version=&#8221;3.29.3&#8243; custom_margin=&#8221;-28px||||false|false&#8221; global_colors_info=&#8221;{}&#8221;]<\/p>\n<p>The journalist Eugenia Yag\u00fce dazzled us with a great article in the online newspaper la VOZ LIBRE, about the creation of \u00c1ngel de la guarda.<\/p>\n<p>Thank you Angel!<\/p>\n<p>[\/et_pb_text][\/et_pb_column][\/et_pb_row][\/et_pb_section]<\/p>\n","protected":false},"excerpt":{"rendered":"<p>The journalist Eugenia Yag\u00fce dazzled us with a great article in the online newspaper la VOZ LIBRE, about the creation of \u00c1ngel de la guarda. Thank you Angel!<\/p>\n","protected":false},"author":2,"featured_media":11152,"comment_status":"closed","ping_status":"open","sticky":false,"template":"","format":"standard","meta":{"_et_pb_use_builder":"on","_et_pb_old_content":"","_et_gb_content_width":"","footnotes":""},"categories":[1],"tags":[],"class_list":["post-12198","post","type-post","status-publish","format-standard","has-post-thumbnail","hentry","category-sin-categorizar"],"yoast_head":"<!-- This site is optimized with the Yoast SEO plugin v24.7 - https:\/\/yoast.com\/wordpress\/plugins\/seo\/ -->\n<title>Spectacular interview in La Voz Libre - Angel de la Guarda Sandalias<\/title>\n<meta name=\"description\" content=\"Spectacular interview in La Voz Libre El art\u00edculo cuenta toda la histor\u00eda de la creaci\u00f3n de la marca.\" \/>\n<meta name=\"robots\" content=\"index, follow, max-snippet:-1, max-image-preview:large, max-video-preview:-1\" \/>\n<link rel=\"canonical\" href=\"https:\/\/angeldelaguardabcn.com\/en\/spectacular-interview-in-la-voz-libre\/\" \/>\n<meta property=\"og:locale\" content=\"en_US\" \/>\n<meta property=\"og:type\" content=\"article\" \/>\n<meta property=\"og:title\" content=\"Spectacular interview in La Voz Libre - Angel de la Guarda Sandalias\" \/>\n<meta property=\"og:description\" content=\"Spectacular interview in La Voz Libre El art\u00edculo cuenta toda la histor\u00eda de la creaci\u00f3n de la marca.\" \/>\n<meta property=\"og:url\" content=\"https:\/\/angeldelaguardabcn.com\/en\/spectacular-interview-in-la-voz-libre\/\" \/>\n<meta property=\"og:site_name\" content=\"Angel de la Guarda Sandalias\" \/>\n<meta property=\"article:published_time\" content=\"2019-01-17T19:27:28+00:00\" \/>\n<meta property=\"article:modified_time\" content=\"2022-07-04T21:42:57+00:00\" \/>\n<meta property=\"og:image\" content=\"https:\/\/angeldelaguardabcn.com\/wp-content\/uploads\/2019\/01\/Diseno-sin-titulo-8.png\" \/>\n\t<meta property=\"og:image:width\" content=\"2240\" \/>\n\t<meta property=\"og:image:height\" content=\"1260\" \/>\n\t<meta property=\"og:image:type\" content=\"image\/png\" \/>\n<meta name=\"author\" content=\"ANGEL DE LA GUARDA\" \/>\n<meta name=\"twitter:card\" content=\"summary_large_image\" \/>\n<meta name=\"twitter:label1\" content=\"Written by\" \/>\n\t<meta name=\"twitter:data1\" content=\"ANGEL DE LA GUARDA\" \/>\n\t<meta name=\"twitter:label2\" content=\"Est. reading time\" \/>\n\t<meta name=\"twitter:data2\" content=\"1 minute\" \/>\n<script type=\"application\/ld+json\" class=\"yoast-schema-graph\">{\"@context\":\"https:\/\/schema.org\",\"@graph\":[{\"@type\":\"Article\",\"@id\":\"https:\/\/angeldelaguardabcn.com\/en\/spectacular-interview-in-la-voz-libre\/#article\",\"isPartOf\":{\"@id\":\"https:\/\/angeldelaguardabcn.com\/en\/spectacular-interview-in-la-voz-libre\/\"},\"author\":{\"name\":\"ANGEL DE LA GUARDA\",\"@id\":\"https:\/\/angeldelaguardabcn.com\/#\/schema\/person\/f5b015ac1d50e259c3fbe3f911df7ab2\"},\"headline\":\"Spectacular interview in La Voz Libre\",\"datePublished\":\"2019-01-17T19:27:28+00:00\",\"dateModified\":\"2022-07-04T21:42:57+00:00\",\"mainEntityOfPage\":{\"@id\":\"https:\/\/angeldelaguardabcn.com\/en\/spectacular-interview-in-la-voz-libre\/\"},\"wordCount\":169,\"publisher\":{\"@id\":\"https:\/\/angeldelaguardabcn.com\/#organization\"},\"image\":{\"@id\":\"https:\/\/angeldelaguardabcn.com\/en\/spectacular-interview-in-la-voz-libre\/#primaryimage\"},\"thumbnailUrl\":\"https:\/\/angeldelaguardabcn.com\/wp-content\/uploads\/2019\/01\/Diseno-sin-titulo-8.png\",\"articleSection\":[\"Sin categorizar\"],\"inLanguage\":\"en-US\"},{\"@type\":\"WebPage\",\"@id\":\"https:\/\/angeldelaguardabcn.com\/en\/spectacular-interview-in-la-voz-libre\/\",\"url\":\"https:\/\/angeldelaguardabcn.com\/en\/spectacular-interview-in-la-voz-libre\/\",\"name\":\"Spectacular interview in La Voz Libre - Angel de la Guarda Sandalias\",\"isPartOf\":{\"@id\":\"https:\/\/angeldelaguardabcn.com\/#website\"},\"primaryImageOfPage\":{\"@id\":\"https:\/\/angeldelaguardabcn.com\/en\/spectacular-interview-in-la-voz-libre\/#primaryimage\"},\"image\":{\"@id\":\"https:\/\/angeldelaguardabcn.com\/en\/spectacular-interview-in-la-voz-libre\/#primaryimage\"},\"thumbnailUrl\":\"https:\/\/angeldelaguardabcn.com\/wp-content\/uploads\/2019\/01\/Diseno-sin-titulo-8.png\",\"datePublished\":\"2019-01-17T19:27:28+00:00\",\"dateModified\":\"2022-07-04T21:42:57+00:00\",\"description\":\"Spectacular interview in La Voz Libre El art\u00edculo cuenta toda la histor\u00eda de la creaci\u00f3n de la marca.\",\"inLanguage\":\"en-US\",\"potentialAction\":[{\"@type\":\"ReadAction\",\"target\":[\"https:\/\/angeldelaguardabcn.com\/en\/spectacular-interview-in-la-voz-libre\/\"]}]},{\"@type\":\"ImageObject\",\"inLanguage\":\"en-US\",\"@id\":\"https:\/\/angeldelaguardabcn.com\/en\/spectacular-interview-in-la-voz-libre\/#primaryimage\",\"url\":\"https:\/\/angeldelaguardabcn.com\/wp-content\/uploads\/2019\/01\/Diseno-sin-titulo-8.png\",\"contentUrl\":\"https:\/\/angeldelaguardabcn.com\/wp-content\/uploads\/2019\/01\/Diseno-sin-titulo-8.png\",\"width\":2240,\"height\":1260},{\"@type\":\"WebSite\",\"@id\":\"https:\/\/angeldelaguardabcn.com\/#website\",\"url\":\"https:\/\/angeldelaguardabcn.com\/\",\"name\":\"Angel de la Guarda\",\"description\":\"Angel de la Guarda\",\"publisher\":{\"@id\":\"https:\/\/angeldelaguardabcn.com\/#organization\"},\"potentialAction\":[{\"@type\":\"SearchAction\",\"target\":{\"@type\":\"EntryPoint\",\"urlTemplate\":\"https:\/\/angeldelaguardabcn.com\/?s={search_term_string}\"},\"query-input\":{\"@type\":\"PropertyValueSpecification\",\"valueRequired\":true,\"valueName\":\"search_term_string\"}}],\"inLanguage\":\"en-US\"},{\"@type\":\"Organization\",\"@id\":\"https:\/\/angeldelaguardabcn.com\/#organization\",\"name\":\"Angel de la Guarda BCN\",\"url\":\"https:\/\/angeldelaguardabcn.com\/\",\"logo\":{\"@type\":\"ImageObject\",\"inLanguage\":\"en-US\",\"@id\":\"https:\/\/angeldelaguardabcn.com\/#\/schema\/logo\/image\/\",\"url\":\"https:\/\/angeldelaguardabcn.com\/wp-content\/uploads\/2019\/10\/angel_de_la_guarda_logo-horizontal.png\",\"contentUrl\":\"https:\/\/angeldelaguardabcn.com\/wp-content\/uploads\/2019\/10\/angel_de_la_guarda_logo-horizontal.png\",\"width\":283,\"height\":38,\"caption\":\"Angel de la Guarda BCN\"},\"image\":{\"@id\":\"https:\/\/angeldelaguardabcn.com\/#\/schema\/logo\/image\/\"},\"sameAs\":[\"https:\/\/www.instagram.com\/angeldelaguarda_shoes\/\"]},{\"@type\":\"Person\",\"@id\":\"https:\/\/angeldelaguardabcn.com\/#\/schema\/person\/f5b015ac1d50e259c3fbe3f911df7ab2\",\"name\":\"ANGEL DE LA GUARDA\",\"image\":{\"@type\":\"ImageObject\",\"inLanguage\":\"en-US\",\"@id\":\"https:\/\/angeldelaguardabcn.com\/#\/schema\/person\/image\/\",\"url\":\"https:\/\/secure.gravatar.com\/avatar\/725428fb4ec2fe4abd00045c42da1583?s=96&d=mm&r=g\",\"contentUrl\":\"https:\/\/secure.gravatar.com\/avatar\/725428fb4ec2fe4abd00045c42da1583?s=96&d=mm&r=g\",\"caption\":\"ANGEL DE LA GUARDA\"},\"sameAs\":[\"https:\/\/angeldelaguardabcn.com\/\"]}]}<\/script>\n<!-- \/ Yoast SEO plugin. -->","yoast_head_json":{"title":"Spectacular interview in La Voz Libre - Angel de la Guarda Sandalias","description":"Spectacular interview in La Voz Libre El art\u00edculo cuenta toda la histor\u00eda de la creaci\u00f3n de la marca.","robots":{"index":"index","follow":"follow","max-snippet":"max-snippet:-1","max-image-preview":"max-image-preview:large","max-video-preview":"max-video-preview:-1"},"canonical":"https:\/\/angeldelaguardabcn.com\/en\/spectacular-interview-in-la-voz-libre\/","og_locale":"en_US","og_type":"article","og_title":"Spectacular interview in La Voz Libre - Angel de la Guarda Sandalias","og_description":"Spectacular interview in La Voz Libre El art\u00edculo cuenta toda la histor\u00eda de la creaci\u00f3n de la marca.","og_url":"https:\/\/angeldelaguardabcn.com\/en\/spectacular-interview-in-la-voz-libre\/","og_site_name":"Angel de la Guarda Sandalias","article_published_time":"2019-01-17T19:27:28+00:00","article_modified_time":"2022-07-04T21:42:57+00:00","og_image":[{"width":2240,"height":1260,"url":"https:\/\/angeldelaguardabcn.com\/wp-content\/uploads\/2019\/01\/Diseno-sin-titulo-8.png","type":"image\/png"}],"author":"ANGEL DE LA GUARDA","twitter_card":"summary_large_image","twitter_misc":{"Written by":"ANGEL DE LA GUARDA","Est. reading time":"1 minute"},"schema":{"@context":"https:\/\/schema.org","@graph":[{"@type":"Article","@id":"https:\/\/angeldelaguardabcn.com\/en\/spectacular-interview-in-la-voz-libre\/#article","isPartOf":{"@id":"https:\/\/angeldelaguardabcn.com\/en\/spectacular-interview-in-la-voz-libre\/"},"author":{"name":"ANGEL DE LA GUARDA","@id":"https:\/\/angeldelaguardabcn.com\/#\/schema\/person\/f5b015ac1d50e259c3fbe3f911df7ab2"},"headline":"Spectacular interview in La Voz Libre","datePublished":"2019-01-17T19:27:28+00:00","dateModified":"2022-07-04T21:42:57+00:00","mainEntityOfPage":{"@id":"https:\/\/angeldelaguardabcn.com\/en\/spectacular-interview-in-la-voz-libre\/"},"wordCount":169,"publisher":{"@id":"https:\/\/angeldelaguardabcn.com\/#organization"},"image":{"@id":"https:\/\/angeldelaguardabcn.com\/en\/spectacular-interview-in-la-voz-libre\/#primaryimage"},"thumbnailUrl":"https:\/\/angeldelaguardabcn.com\/wp-content\/uploads\/2019\/01\/Diseno-sin-titulo-8.png","articleSection":["Sin categorizar"],"inLanguage":"en-US"},{"@type":"WebPage","@id":"https:\/\/angeldelaguardabcn.com\/en\/spectacular-interview-in-la-voz-libre\/","url":"https:\/\/angeldelaguardabcn.com\/en\/spectacular-interview-in-la-voz-libre\/","name":"Spectacular interview in La Voz Libre - Angel de la Guarda Sandalias","isPartOf":{"@id":"https:\/\/angeldelaguardabcn.com\/#website"},"primaryImageOfPage":{"@id":"https:\/\/angeldelaguardabcn.com\/en\/spectacular-interview-in-la-voz-libre\/#primaryimage"},"image":{"@id":"https:\/\/angeldelaguardabcn.com\/en\/spectacular-interview-in-la-voz-libre\/#primaryimage"},"thumbnailUrl":"https:\/\/angeldelaguardabcn.com\/wp-content\/uploads\/2019\/01\/Diseno-sin-titulo-8.png","datePublished":"2019-01-17T19:27:28+00:00","dateModified":"2022-07-04T21:42:57+00:00","description":"Spectacular interview in La Voz Libre El art\u00edculo cuenta toda la histor\u00eda de la creaci\u00f3n de la marca.","inLanguage":"en-US","potentialAction":[{"@type":"ReadAction","target":["https:\/\/angeldelaguardabcn.com\/en\/spectacular-interview-in-la-voz-libre\/"]}]},{"@type":"ImageObject","inLanguage":"en-US","@id":"https:\/\/angeldelaguardabcn.com\/en\/spectacular-interview-in-la-voz-libre\/#primaryimage","url":"https:\/\/angeldelaguardabcn.com\/wp-content\/uploads\/2019\/01\/Diseno-sin-titulo-8.png","contentUrl":"https:\/\/angeldelaguardabcn.com\/wp-content\/uploads\/2019\/01\/Diseno-sin-titulo-8.png","width":2240,"height":1260},{"@type":"WebSite","@id":"https:\/\/angeldelaguardabcn.com\/#website","url":"https:\/\/angeldelaguardabcn.com\/","name":"Angel de la Guarda","description":"Angel de la Guarda","publisher":{"@id":"https:\/\/angeldelaguardabcn.com\/#organization"},"potentialAction":[{"@type":"SearchAction","target":{"@type":"EntryPoint","urlTemplate":"https:\/\/angeldelaguardabcn.com\/?s={search_term_string}"},"query-input":{"@type":"PropertyValueSpecification","valueRequired":true,"valueName":"search_term_string"}}],"inLanguage":"en-US"},{"@type":"Organization","@id":"https:\/\/angeldelaguardabcn.com\/#organization","name":"Angel de la Guarda BCN","url":"https:\/\/angeldelaguardabcn.com\/","logo":{"@type":"ImageObject","inLanguage":"en-US","@id":"https:\/\/angeldelaguardabcn.com\/#\/schema\/logo\/image\/","url":"https:\/\/angeldelaguardabcn.com\/wp-content\/uploads\/2019\/10\/angel_de_la_guarda_logo-horizontal.png","contentUrl":"https:\/\/angeldelaguardabcn.com\/wp-content\/uploads\/2019\/10\/angel_de_la_guarda_logo-horizontal.png","width":283,"height":38,"caption":"Angel de la Guarda BCN"},"image":{"@id":"https:\/\/angeldelaguardabcn.com\/#\/schema\/logo\/image\/"},"sameAs":["https:\/\/www.instagram.com\/angeldelaguarda_shoes\/"]},{"@type":"Person","@id":"https:\/\/angeldelaguardabcn.com\/#\/schema\/person\/f5b015ac1d50e259c3fbe3f911df7ab2","name":"ANGEL DE LA GUARDA","image":{"@type":"ImageObject","inLanguage":"en-US","@id":"https:\/\/angeldelaguardabcn.com\/#\/schema\/person\/image\/","url":"https:\/\/secure.gravatar.com\/avatar\/725428fb4ec2fe4abd00045c42da1583?s=96&d=mm&r=g","contentUrl":"https:\/\/secure.gravatar.com\/avatar\/725428fb4ec2fe4abd00045c42da1583?s=96&d=mm&r=g","caption":"ANGEL DE LA GUARDA"},"sameAs":["https:\/\/angeldelaguardabcn.com\/"]}]}},"_links":{"self":[{"href":"https:\/\/angeldelaguardabcn.com\/en\/wp-json\/wp\/v2\/posts\/12198","targetHints":{"allow":["GET"]}}],"collection":[{"href":"https:\/\/angeldelaguardabcn.com\/en\/wp-json\/wp\/v2\/posts"}],"about":[{"href":"https:\/\/angeldelaguardabcn.com\/en\/wp-json\/wp\/v2\/types\/post"}],"author":[{"embeddable":true,"href":"https:\/\/angeldelaguardabcn.com\/en\/wp-json\/wp\/v2\/users\/2"}],"replies":[{"embeddable":true,"href":"https:\/\/angeldelaguardabcn.com\/en\/wp-json\/wp\/v2\/comments?post=12198"}],"version-history":[{"count":2,"href":"https:\/\/angeldelaguardabcn.com\/en\/wp-json\/wp\/v2\/posts\/12198\/revisions"}],"predecessor-version":[{"id":12200,"href":"https:\/\/angeldelaguardabcn.com\/en\/wp-json\/wp\/v2\/posts\/12198\/revisions\/12200"}],"wp:featuredmedia":[{"embeddable":true,"href":"https:\/\/angeldelaguardabcn.com\/en\/wp-json\/wp\/v2\/media\/11152"}],"wp:attachment":[{"href":"https:\/\/angeldelaguardabcn.com\/en\/wp-json\/wp\/v2\/media?parent=12198"}],"wp:term":[{"taxonomy":"category","embeddable":true,"href":"https:\/\/angeldelaguardabcn.com\/en\/wp-json\/wp\/v2\/categories?post=12198"},{"taxonomy":"post_tag","embeddable":true,"href":"https:\/\/angeldelaguardabcn.com\/en\/wp-json\/wp\/v2\/tags?post=12198"}],"curies":[{"name":"wp","href":"https:\/\/api.w.org\/{rel}","templated":true}]}}